{"id":237,"date":"2023-05-18T08:13:07","date_gmt":"2023-05-18T08:13:07","guid":{"rendered":"https:\/\/www.mefluife-ujagr.es\/?p=237"},"modified":"2023-09-05T12:00:34","modified_gmt":"2023-09-05T12:00:34","slug":"nulla-dictum-elit-neque-et-condimentum-dui-suscipit-feugiat-nunc-id-aliquam-diam-maecenas-finibus-nulla-diam-eget-varius-tortor-consequat-a-3","status":"publish","type":"post","link":"https:\/\/www.mefluife-ujagr.es\/en\/uncategorized\/nulla-dictum-elit-neque-et-condimentum-dui-suscipit-feugiat-nunc-id-aliquam-diam-maecenas-finibus-nulla-diam-eget-varius-tortor-consequat-a-3\/","title":{"rendered":"Workshops for the Gifted and Talented"},"content":{"rendered":"<p>El Grupo de Investigaci\u00f3n de Mec\u00e1nica de Fluidos participa en una la nueva edici\u00f3n de \u00ab<em>Talleres para alumnos\/as sobredotados\/as y con altas capacidades intelectuales<\/em>\u00ab, organizado por el Vicerrectorado de Estudiantes e Inserci\u00f3n Laboral de la Universidad de Ja\u00e9n. La presentaci\u00f3n oficial de los talleres tuvo lugar el Martes 19 de Marzo, en una rueda de prensa presidida por el Rector Magn\u00edfico de la Universidad de Ja\u00e9n, Manuel Parras, el Ilmo. Sr. Delegado territorial de Educaci\u00f3n, Cultura y Deporte, Jos\u00e9 \u00c1ngel Cifuentes Lozano, y la Vicerrectora de Estudiantes e Inserci\u00f3n Laboral, Adoraci\u00f3n Mozas. El taller organizado por el grupo, titulado \u00abDescubrir la Mec\u00e1nica de Fluidos, o c\u00f3mo generar burbujas y por qu\u00e9 vuelan los aviones\u00bb, destinado a alumnos\/as sobredotados\/as de Educaci\u00f3n Secundaria y Bachillerato de la provincia de Ja\u00e9n, tendr\u00e1 lugar el pr\u00f3ximo d\u00eda 5 de Abril.<\/p>\n\n\n\n<p>Este taller pretende ser una introducci\u00f3n a la simulaci\u00f3n num\u00e9rica y a complejas t\u00e9cnicas experimentales, como la velocimetr\u00eda y visualizaci\u00f3n l\u00e1ser, y las c\u00e1maras de alta velocidad, con un enfoque pr\u00e1ctico y divulgativo. Tras una breve introducci\u00f3n a la mec\u00e1nica de fluidos, se mostrar\u00e1 a los participantes el funcionamiento de algunas de las t\u00e9cnicas mencionadas en los t\u00faneles de viento existentes en el laboratorio, y se visualizar\u00e1n estelas tras cilindros y perfiles de alas de avi\u00f3n, as\u00ed como el uso de c\u00e1mara de alta velocidad, para captar im\u00e1genes r\u00e1pidas en la generaci\u00f3n de burbujas o gotas. Finalmente, los participantes tendr\u00e1n ocasi\u00f3n de realizar sencillas simulaciones por ordenador de algunos de los problemas introducidos anteriormente.<\/p>\n\n\n\n<figure class=\"wp-block-image aligncenter size-full is-resized\"><img decoding=\"async\" src=\"https:\/\/www.mefluife-ujagr.es\/wp-content\/uploads\/2023\/09\/image.png\" alt=\"\" class=\"wp-image-1457\" style=\"width:400px;height:267px\" width=\"400\" height=\"267\" srcset=\"https:\/\/www.mefluife-ujagr.es\/wp-content\/uploads\/2023\/09\/image.png 400w, https:\/\/www.mefluife-ujagr.es\/wp-content\/uploads\/2023\/09\/image-300x200.png 300w\" sizes=\"(max-width: 400px) 100vw, 400px\" \/><figcaption class=\"wp-element-caption\">Presentaci\u00f3n de los talleres. Autor: Gabinete de Comunicaci\u00f3n de la UJA (C.Q.R.).<\/figcaption><\/figure>\n\n\n\n<p><a href=\"http:\/\/www.fluidsujaen.es\/talleres-para-sobredotados-de-la-uja\/talleres-sobredotados-15-copia-img_assist_custom-400x267\/\"><\/a><\/p>\n\n\n\n<p id=\"caption-attachment-2781\">Presentaci\u00f3n de los talleres. Autor: Gabinete de Comunicaci\u00f3n de la UJA (C.Q.R.).<\/p>\n\n\n\n<p>Puede encontrar m\u00e1s informaci\u00f3n sobre la presentaci\u00f3n de los talleres en el&nbsp;<a href=\"http:\/\/diariodigital.ujaen.es\/node\/34060\">Diario Digital&nbsp;<\/a>de la Universidad de Ja\u00e9n, o en&nbsp;<a href=\"http:\/\/www.diariojaen.es\/index.php\/menujaen\/25-notlocales\/62478-educacion-cifra-en-medio-millar-los-alumnos-sobredotados\">Diario Ja\u00e9n<\/a>.<\/p>","protected":false},"excerpt":{"rendered":"<p>El Grupo de Investigaci\u00f3n de Mec\u00e1nica de Fluidos participa en una la nueva edici\u00f3n de \u00abTalleres para alumnos\/as sobredotados\/as y con altas capacidades intelectuales\u00ab, organizado por el Vicerrectorado de Estudiantes e Inserci\u00f3n Laboral de la Universidad de Ja\u00e9n. La presentaci\u00f3n oficial de los talleres tuvo lugar el Martes 19 de Marzo, en una rueda de &hellip;<\/p>\n<p class=\"read-more\"> <a class=\"\" href=\"https:\/\/www.mefluife-ujagr.es\/en\/uncategorized\/nulla-dictum-elit-neque-et-condimentum-dui-suscipit-feugiat-nunc-id-aliquam-diam-maecenas-finibus-nulla-diam-eget-varius-tortor-consequat-a-3\/\"> <span class=\"screen-reader-text\">Workshops for the Gifted and Talented<\/span> Read More &raquo;<\/a><\/p>","protected":false},"author":1,"featured_media":1457,"comment_status":"closed","ping_status":"open","sticky":false,"template":"","format":"standard","meta":{"site-sidebar-layout":"default","site-content-layout":"","ast-site-content-layout":"","site-content-style":"default","site-sidebar-style":"default","ast-global-header-display":"","ast-banner-title-visibility":"","ast-main-header-display":"","ast-hfb-above-header-display":"","ast-hfb-below-header-display":"","ast-hfb-mobile-header-display":"","site-post-title":"","ast-breadcrumbs-content":"","ast-featured-img":"","footer-sml-layout":"","theme-transparent-header-meta":"","adv-header-id-meta":"","stick-header-meta":"","header-above-stick-meta":"","header-main-stick-meta":"","header-below-stick-meta":"","astra-migrate-meta-layouts":"","footnotes":""},"categories":[1],"tags":[],"class_list":["post-237","post","type-post","status-publish","format-standard","has-post-thumbnail","hentry","category-uncategorized"],"_links":{"self":[{"href":"https:\/\/www.mefluife-ujagr.es\/en\/wp-json\/wp\/v2\/posts\/237","targetHints":{"allow":["GET"]}}],"collection":[{"href":"https:\/\/www.mefluife-ujagr.es\/en\/wp-json\/wp\/v2\/posts"}],"about":[{"href":"https:\/\/www.mefluife-ujagr.es\/en\/wp-json\/wp\/v2\/types\/post"}],"author":[{"embeddable":true,"href":"https:\/\/www.mefluife-ujagr.es\/en\/wp-json\/wp\/v2\/users\/1"}],"replies":[{"embeddable":true,"href":"https:\/\/www.mefluife-ujagr.es\/en\/wp-json\/wp\/v2\/comments?post=237"}],"version-history":[{"count":4,"href":"https:\/\/www.mefluife-ujagr.es\/en\/wp-json\/wp\/v2\/posts\/237\/revisions"}],"predecessor-version":[{"id":1461,"href":"https:\/\/www.mefluife-ujagr.es\/en\/wp-json\/wp\/v2\/posts\/237\/revisions\/1461"}],"wp:featuredmedia":[{"embeddable":true,"href":"https:\/\/www.mefluife-ujagr.es\/en\/wp-json\/wp\/v2\/media\/1457"}],"wp:attachment":[{"href":"https:\/\/www.mefluife-ujagr.es\/en\/wp-json\/wp\/v2\/media?parent=237"}],"wp:term":[{"taxonomy":"category","embeddable":true,"href":"https:\/\/www.mefluife-ujagr.es\/en\/wp-json\/wp\/v2\/categories?post=237"},{"taxonomy":"post_tag","embeddable":true,"href":"https:\/\/www.mefluife-ujagr.es\/en\/wp-json\/wp\/v2\/tags?post=237"}],"curies":[{"name":"wp","href":"https:\/\/api.w.org\/{rel}","templated":true}]}}